{"id":2572,"date":"2024-03-22T10:34:00","date_gmt":"2024-03-22T09:34:00","guid":{"rendered":"https:\/\/www.cyberagentur.de\/en\/press\/breakfast-with-parliamentarians\/"},"modified":"2024-08-05T15:54:53","modified_gmt":"2024-08-05T13:54:53","slug":"breakfast-with-parliamentarians","status":"publish","type":"post","link":"https:\/\/www.cyberagentur.de\/en\/press\/breakfast-with-parliamentarians\/","title":{"rendered":"Breakfast with parliamentarians"},"content":{"rendered":"  <figure  class=\"wp-block-image  wp-block-image--alignment-center wp-block-image--margin-bottom-default align align wp-block-cyberagentur-image\">\n    <div class=\"wp-block-image__image-wrapper \">\n      <img loading=\"lazy\" decoding=\"async\" width=\"1024\" height=\"683\" src=\"\/wp-content\/uploads\/2024\/08\/Erst-Parl-Frueh-088-1024x683.png\" class=\"attachment-large size-large\" alt=\"Die Protagonisten beim 1. Parlamentarischen Fr\u00fchst\u00fcck der Cyberagentur am 19. M\u00e4rz 2024 (v.r.n.l.): Dr. Paula Viehweg, komm. Abteilungsleiterin Sichere Gesellschaft der Cyberagentur, Proof. Dr. J\u00fcrgen Freudenberger, Abteilungsleiter Schl\u00fcsseltechnologien der Cyberagentur, Roderich Kiesewetter, MdB, Prof. Dr. Christian Hummert, Forschungsdirektor der Cyberagentur, Daniel Mayer, kaufm\u00e4nnischer Direktor der Cyberagentur, General Michael Vetter, Abteilungsleiter Cyber\/Informationstechnik im Bundesministerium der Verteidigung, Prof. Dr. Matthias Kranz, Abteilungsleiter Sichere Systeme der Cyberagentur.\" srcset=\"\/wp-content\/uploads\/2024\/08\/Erst-Parl-Frueh-088-1024x683.png 1024w, \/wp-content\/uploads\/2024\/08\/Erst-Parl-Frueh-088-330x220.png 330w, \/wp-content\/uploads\/2024\/08\/Erst-Parl-Frueh-088-768x512.png 768w, \/wp-content\/uploads\/2024\/08\/Erst-Parl-Frueh-088-512x341.png 512w, \/wp-content\/uploads\/2024\/08\/Erst-Parl-Frueh-088.png 1500w\" sizes=\"auto, (max-width: 1024px) 100vw, 1024px\" \/>\n    <\/div>\n    <figcaption class=\"wp-element-caption\"><span class='description'>Die Protagonisten beim 1. Parlamentarischen Fr\u00fchst\u00fcck der Cyberagentur am 19. M\u00e4rz 2024 (v.r.n.l.): Dr. Paula Viehweg, komm. Abteilungsleiterin Sichere Gesellschaft der Cyberagentur, Proof. Dr. J\u00fcrgen Freudenberger, Abteilungsleiter Schl\u00fcsseltechnologien der Cyberagentur, Roderich Kiesewetter, MdB, Prof. Dr. Christian Hummert, Forschungsdirektor der Cyberagentur, Daniel Mayer, kaufm\u00e4nnischer Direktor der Cyberagentur, General Michael Vetter, Abteilungsleiter Cyber\/Informationstechnik im Bundesministerium der Verteidigung, Prof. Dr. Matthias Kranz, Abteilungsleiter Sichere Systeme der Cyberagentur.<\/span> \n      \n      \n    <\/figcaption>\n  <\/figure>\n<p>On March 19, 2024, the Cyberagentur gave members of the German Bundestag an insight into its research work.\nA brief interim assessment after almost four years of work and an outlook for the future of research into cybersecurity and Germany&#8217;s digital sovereignty were on the agenda of the 1st Parliamentary Breakfast at the Saxony-Anhalt State Representation in Berlin. <\/p>\n\n<p>Roderich Kiesewetter, MP, shared his assessment of the current security situation with his fellow parliamentarians as a keynote speech and called for greater competitiveness in cyberspace and a focus on technological innovations alongside diplomatic measures in order to expand digital sovereignty.<\/p>\n\n<p>General Michael Vetter, Head of the Cyber\/Information Technology Department at the Federal Ministry of Defence, emphasized the progress made by the Cyberagentur.\n&#8220;It&#8217;s good that the Cyberagentur exists. Because if it didn&#8217;t exist, we would have to invent it.&#8221; <\/p>\n\n<p>During the discussion, the members of the German Bundestag present emphasized that they were able to gain a positive impression of the Cyberagentur on site.\nThey will work to ensure that the framework conditions for innovative research work are created. <\/p>\n\n<figure class=\"wp-block-video\"><video height=\"848\" style=\"aspect-ratio: 480 \/ 848;\" width=\"480\" autoplay=\"\" controls=\"\" loop=\"\" src=\"https:\/\/www.cyberagentur.de\/wp-content\/uploads\/2024\/03\/20240320-Cyberagentur-Trailer-Fruehstueck-Berlin.mp4\"><\/video><figcaption class=\"wp-element-caption\">Video of the Cyberagentur&#8217;s 1st Parliamentary Breakfast at the Saxony-Anhalt State Representation in the German capital Berlin<\/figcaption><\/figure>\n","protected":false},"excerpt":{"rendered":"<p>On March 19, 2024, the Cyberagentur gave members of the German Bundestag an insight into its research work. A brief interim assessment after almost four years of work and an outlook for the future of research into cybersecurity and Germany&#8217;s digital sovereignty were on the agenda of the 1st Parliamentary Breakfast at the Saxony-Anhalt State [&hellip;]<\/p>\n","protected":false},"author":11,"featured_media":2552,"comment_status":"closed","ping_status":"closed","sticky":false,"template":"","format":"standard","meta":{"_acf_changed":false,"footnotes":""},"categories":[51],"tags":[],"class_list":["post-2572","post","type-post","status-publish","format-standard","has-post-thumbnail","hentry","category-politics"],"acf":[],"yoast_head":"<!-- This site is optimized with the Yoast SEO plugin v27.5 - https:\/\/yoast.com\/product\/yoast-seo-wordpress\/ -->\n<title>Breakfast with parliamentarians - Cyberagentur<\/title>\n<meta name=\"robots\" content=\"index, follow, max-snippet:-1, max-image-preview:large, max-video-preview:-1\" \/>\n<link rel=\"canonical\" href=\"https:\/\/www.cyberagentur.de\/en\/press\/breakfast-with-parliamentarians\/\" \/>\n<meta property=\"og:locale\" content=\"en_GB\" \/>\n<meta property=\"og:type\" content=\"article\" \/>\n<meta property=\"og:title\" content=\"Breakfast with parliamentarians - Cyberagentur\" \/>\n<meta property=\"og:description\" content=\"On March 19, 2024, the Cyberagentur gave members of the German Bundestag an insight into its research work. A brief interim assessment after almost four years of work and an outlook for the future of research into cybersecurity and Germany&#8217;s digital sovereignty were on the agenda of the 1st Parliamentary Breakfast at the Saxony-Anhalt State [&hellip;]\" \/>\n<meta property=\"og:url\" content=\"https:\/\/www.cyberagentur.de\/en\/press\/breakfast-with-parliamentarians\/\" \/>\n<meta property=\"og:site_name\" content=\"Cyberagentur\" \/>\n<meta property=\"article:published_time\" content=\"2024-03-22T09:34:00+00:00\" \/>\n<meta property=\"article:modified_time\" content=\"2024-08-05T13:54:53+00:00\" \/>\n<meta property=\"og:image\" content=\"https:\/\/www.cyberagentur.de\/wp-content\/uploads\/2024\/08\/Erst-Parl-Frueh-088.png\" \/>\n\t<meta property=\"og:image:width\" content=\"1500\" \/>\n\t<meta property=\"og:image:height\" content=\"1000\" \/>\n\t<meta property=\"og:image:type\" content=\"image\/png\" \/>\n<meta name=\"author\" content=\"ML\" \/>\n<meta name=\"twitter:card\" content=\"summary_large_image\" \/>\n<meta name=\"twitter:label1\" content=\"Written by\" \/>\n\t<meta name=\"twitter:data1\" content=\"ML\" \/>\n\t<meta name=\"twitter:label2\" content=\"Estimated reading time\" \/>\n\t<meta name=\"twitter:data2\" content=\"1 minute\" \/>\n<script type=\"application\/ld+json\" class=\"yoast-schema-graph\">{\"@context\":\"https:\\\/\\\/schema.org\",\"@graph\":[{\"@type\":\"Article\",\"@id\":\"https:\\\/\\\/www.cyberagentur.de\\\/en\\\/press\\\/breakfast-with-parliamentarians\\\/#article\",\"isPartOf\":{\"@id\":\"https:\\\/\\\/www.cyberagentur.de\\\/en\\\/press\\\/breakfast-with-parliamentarians\\\/\"},\"author\":{\"name\":\"ML\",\"@id\":\"https:\\\/\\\/www.cyberagentur.de\\\/en\\\/#\\\/schema\\\/person\\\/97611132a009a9d7721aafd03e5b1942\"},\"headline\":\"Breakfast with parliamentarians\",\"datePublished\":\"2024-03-22T09:34:00+00:00\",\"dateModified\":\"2024-08-05T13:54:53+00:00\",\"mainEntityOfPage\":{\"@id\":\"https:\\\/\\\/www.cyberagentur.de\\\/en\\\/press\\\/breakfast-with-parliamentarians\\\/\"},\"wordCount\":201,\"image\":{\"@id\":\"https:\\\/\\\/www.cyberagentur.de\\\/en\\\/press\\\/breakfast-with-parliamentarians\\\/#primaryimage\"},\"thumbnailUrl\":\"\\\/wp-content\\\/uploads\\\/2024\\\/08\\\/Erst-Parl-Frueh-088.png\",\"articleSection\":[\"Politics\"],\"inLanguage\":\"en-GB\"},{\"@type\":\"WebPage\",\"@id\":\"https:\\\/\\\/www.cyberagentur.de\\\/en\\\/press\\\/breakfast-with-parliamentarians\\\/\",\"url\":\"https:\\\/\\\/www.cyberagentur.de\\\/en\\\/press\\\/breakfast-with-parliamentarians\\\/\",\"name\":\"Breakfast with parliamentarians - Cyberagentur\",\"isPartOf\":{\"@id\":\"https:\\\/\\\/www.cyberagentur.de\\\/en\\\/#website\"},\"primaryImageOfPage\":{\"@id\":\"https:\\\/\\\/www.cyberagentur.de\\\/en\\\/press\\\/breakfast-with-parliamentarians\\\/#primaryimage\"},\"image\":{\"@id\":\"https:\\\/\\\/www.cyberagentur.de\\\/en\\\/press\\\/breakfast-with-parliamentarians\\\/#primaryimage\"},\"thumbnailUrl\":\"\\\/wp-content\\\/uploads\\\/2024\\\/08\\\/Erst-Parl-Frueh-088.png\",\"datePublished\":\"2024-03-22T09:34:00+00:00\",\"dateModified\":\"2024-08-05T13:54:53+00:00\",\"author\":{\"@id\":\"https:\\\/\\\/www.cyberagentur.de\\\/en\\\/#\\\/schema\\\/person\\\/97611132a009a9d7721aafd03e5b1942\"},\"breadcrumb\":{\"@id\":\"https:\\\/\\\/www.cyberagentur.de\\\/en\\\/press\\\/breakfast-with-parliamentarians\\\/#breadcrumb\"},\"inLanguage\":\"en-GB\",\"potentialAction\":[{\"@type\":\"ReadAction\",\"target\":[\"https:\\\/\\\/www.cyberagentur.de\\\/en\\\/press\\\/breakfast-with-parliamentarians\\\/\"]}]},{\"@type\":\"ImageObject\",\"inLanguage\":\"en-GB\",\"@id\":\"https:\\\/\\\/www.cyberagentur.de\\\/en\\\/press\\\/breakfast-with-parliamentarians\\\/#primaryimage\",\"url\":\"\\\/wp-content\\\/uploads\\\/2024\\\/08\\\/Erst-Parl-Frueh-088.png\",\"contentUrl\":\"\\\/wp-content\\\/uploads\\\/2024\\\/08\\\/Erst-Parl-Frueh-088.png\",\"width\":1500,\"height\":1000,\"caption\":\"Die Protagonisten beim 1. Parlamentarischen Fr\u00fchst\u00fcck der Cyberagentur am 19. M\u00e4rz 2024 (v.r.n.l.): Dr. Paula Viehweg, komm. Abteilungsleiterin Sichere Gesellschaft der Cyberagentur, Proof. Dr. J\u00fcrgen Freudenberger, Abteilungsleiter Schl\u00fcsseltechnologien der Cyberagentur, Roderich Kiesewetter, MdB, Prof. Dr. Christian Hummert, Forschungsdirektor der Cyberagentur, Daniel Mayer, kaufm\u00e4nnischer Direktor der Cyberagentur, General Michael Vetter, Abteilungsleiter Cyber\\\/Informationstechnik im Bundesministerium der Verteidigung, Prof. Dr. Matthias Kranz, Abteilungsleiter Sichere Systeme der Cyberagentur.\"},{\"@type\":\"BreadcrumbList\",\"@id\":\"https:\\\/\\\/www.cyberagentur.de\\\/en\\\/press\\\/breakfast-with-parliamentarians\\\/#breadcrumb\",\"itemListElement\":[{\"@type\":\"ListItem\",\"position\":1,\"name\":\"Home\",\"item\":\"https:\\\/\\\/www.cyberagentur.de\\\/en\\\/\"},{\"@type\":\"ListItem\",\"position\":2,\"name\":\"Breakfast with parliamentarians\"}]},{\"@type\":\"WebSite\",\"@id\":\"https:\\\/\\\/www.cyberagentur.de\\\/en\\\/#website\",\"url\":\"https:\\\/\\\/www.cyberagentur.de\\\/en\\\/\",\"name\":\"Cyberagentur\",\"description\":\"\",\"potentialAction\":[{\"@type\":\"SearchAction\",\"target\":{\"@type\":\"EntryPoint\",\"urlTemplate\":\"https:\\\/\\\/www.cyberagentur.de\\\/en\\\/?s={search_term_string}\"},\"query-input\":{\"@type\":\"PropertyValueSpecification\",\"valueRequired\":true,\"valueName\":\"search_term_string\"}}],\"inLanguage\":\"en-GB\"},{\"@type\":\"Person\",\"@id\":\"https:\\\/\\\/www.cyberagentur.de\\\/en\\\/#\\\/schema\\\/person\\\/97611132a009a9d7721aafd03e5b1942\",\"name\":\"ML\"}]}<\/script>\n<!-- \/ Yoast SEO plugin. -->","yoast_head_json":{"title":"Breakfast with parliamentarians - Cyberagentur","robots":{"index":"index","follow":"follow","max-snippet":"max-snippet:-1","max-image-preview":"max-image-preview:large","max-video-preview":"max-video-preview:-1"},"canonical":"https:\/\/www.cyberagentur.de\/en\/press\/breakfast-with-parliamentarians\/","og_locale":"en_GB","og_type":"article","og_title":"Breakfast with parliamentarians - Cyberagentur","og_description":"On March 19, 2024, the Cyberagentur gave members of the German Bundestag an insight into its research work. A brief interim assessment after almost four years of work and an outlook for the future of research into cybersecurity and Germany&#8217;s digital sovereignty were on the agenda of the 1st Parliamentary Breakfast at the Saxony-Anhalt State [&hellip;]","og_url":"https:\/\/www.cyberagentur.de\/en\/press\/breakfast-with-parliamentarians\/","og_site_name":"Cyberagentur","article_published_time":"2024-03-22T09:34:00+00:00","article_modified_time":"2024-08-05T13:54:53+00:00","og_image":[{"width":1500,"height":1000,"url":"https:\/\/www.cyberagentur.de\/wp-content\/uploads\/2024\/08\/Erst-Parl-Frueh-088.png","type":"image\/png"}],"author":"ML","twitter_card":"summary_large_image","twitter_misc":{"Written by":"ML","Estimated reading time":"1 minute"},"schema":{"@context":"https:\/\/schema.org","@graph":[{"@type":"Article","@id":"https:\/\/www.cyberagentur.de\/en\/press\/breakfast-with-parliamentarians\/#article","isPartOf":{"@id":"https:\/\/www.cyberagentur.de\/en\/press\/breakfast-with-parliamentarians\/"},"author":{"name":"ML","@id":"https:\/\/www.cyberagentur.de\/en\/#\/schema\/person\/97611132a009a9d7721aafd03e5b1942"},"headline":"Breakfast with parliamentarians","datePublished":"2024-03-22T09:34:00+00:00","dateModified":"2024-08-05T13:54:53+00:00","mainEntityOfPage":{"@id":"https:\/\/www.cyberagentur.de\/en\/press\/breakfast-with-parliamentarians\/"},"wordCount":201,"image":{"@id":"https:\/\/www.cyberagentur.de\/en\/press\/breakfast-with-parliamentarians\/#primaryimage"},"thumbnailUrl":"\/wp-content\/uploads\/2024\/08\/Erst-Parl-Frueh-088.png","articleSection":["Politics"],"inLanguage":"en-GB"},{"@type":"WebPage","@id":"https:\/\/www.cyberagentur.de\/en\/press\/breakfast-with-parliamentarians\/","url":"https:\/\/www.cyberagentur.de\/en\/press\/breakfast-with-parliamentarians\/","name":"Breakfast with parliamentarians - Cyberagentur","isPartOf":{"@id":"https:\/\/www.cyberagentur.de\/en\/#website"},"primaryImageOfPage":{"@id":"https:\/\/www.cyberagentur.de\/en\/press\/breakfast-with-parliamentarians\/#primaryimage"},"image":{"@id":"https:\/\/www.cyberagentur.de\/en\/press\/breakfast-with-parliamentarians\/#primaryimage"},"thumbnailUrl":"\/wp-content\/uploads\/2024\/08\/Erst-Parl-Frueh-088.png","datePublished":"2024-03-22T09:34:00+00:00","dateModified":"2024-08-05T13:54:53+00:00","author":{"@id":"https:\/\/www.cyberagentur.de\/en\/#\/schema\/person\/97611132a009a9d7721aafd03e5b1942"},"breadcrumb":{"@id":"https:\/\/www.cyberagentur.de\/en\/press\/breakfast-with-parliamentarians\/#breadcrumb"},"inLanguage":"en-GB","potentialAction":[{"@type":"ReadAction","target":["https:\/\/www.cyberagentur.de\/en\/press\/breakfast-with-parliamentarians\/"]}]},{"@type":"ImageObject","inLanguage":"en-GB","@id":"https:\/\/www.cyberagentur.de\/en\/press\/breakfast-with-parliamentarians\/#primaryimage","url":"\/wp-content\/uploads\/2024\/08\/Erst-Parl-Frueh-088.png","contentUrl":"\/wp-content\/uploads\/2024\/08\/Erst-Parl-Frueh-088.png","width":1500,"height":1000,"caption":"Die Protagonisten beim 1. Parlamentarischen Fr\u00fchst\u00fcck der Cyberagentur am 19. M\u00e4rz 2024 (v.r.n.l.): Dr. Paula Viehweg, komm. Abteilungsleiterin Sichere Gesellschaft der Cyberagentur, Proof. Dr. J\u00fcrgen Freudenberger, Abteilungsleiter Schl\u00fcsseltechnologien der Cyberagentur, Roderich Kiesewetter, MdB, Prof. Dr. Christian Hummert, Forschungsdirektor der Cyberagentur, Daniel Mayer, kaufm\u00e4nnischer Direktor der Cyberagentur, General Michael Vetter, Abteilungsleiter Cyber\/Informationstechnik im Bundesministerium der Verteidigung, Prof. Dr. Matthias Kranz, Abteilungsleiter Sichere Systeme der Cyberagentur."},{"@type":"BreadcrumbList","@id":"https:\/\/www.cyberagentur.de\/en\/press\/breakfast-with-parliamentarians\/#breadcrumb","itemListElement":[{"@type":"ListItem","position":1,"name":"Home","item":"https:\/\/www.cyberagentur.de\/en\/"},{"@type":"ListItem","position":2,"name":"Breakfast with parliamentarians"}]},{"@type":"WebSite","@id":"https:\/\/www.cyberagentur.de\/en\/#website","url":"https:\/\/www.cyberagentur.de\/en\/","name":"Cyberagentur","description":"","potentialAction":[{"@type":"SearchAction","target":{"@type":"EntryPoint","urlTemplate":"https:\/\/www.cyberagentur.de\/en\/?s={search_term_string}"},"query-input":{"@type":"PropertyValueSpecification","valueRequired":true,"valueName":"search_term_string"}}],"inLanguage":"en-GB"},{"@type":"Person","@id":"https:\/\/www.cyberagentur.de\/en\/#\/schema\/person\/97611132a009a9d7721aafd03e5b1942","name":"ML"}]}},"_links":{"self":[{"href":"https:\/\/www.cyberagentur.de\/en\/wp-json\/wp\/v2\/posts\/2572","targetHints":{"allow":["GET"]}}],"collection":[{"href":"https:\/\/www.cyberagentur.de\/en\/wp-json\/wp\/v2\/posts"}],"about":[{"href":"https:\/\/www.cyberagentur.de\/en\/wp-json\/wp\/v2\/types\/post"}],"author":[{"embeddable":true,"href":"https:\/\/www.cyberagentur.de\/en\/wp-json\/wp\/v2\/users\/11"}],"replies":[{"embeddable":true,"href":"https:\/\/www.cyberagentur.de\/en\/wp-json\/wp\/v2\/comments?post=2572"}],"version-history":[{"count":1,"href":"https:\/\/www.cyberagentur.de\/en\/wp-json\/wp\/v2\/posts\/2572\/revisions"}],"predecessor-version":[{"id":2573,"href":"https:\/\/www.cyberagentur.de\/en\/wp-json\/wp\/v2\/posts\/2572\/revisions\/2573"}],"wp:featuredmedia":[{"embeddable":true,"href":"https:\/\/www.cyberagentur.de\/en\/wp-json\/wp\/v2\/media\/2552"}],"wp:attachment":[{"href":"https:\/\/www.cyberagentur.de\/en\/wp-json\/wp\/v2\/media?parent=2572"}],"wp:term":[{"taxonomy":"category","embeddable":true,"href":"https:\/\/www.cyberagentur.de\/en\/wp-json\/wp\/v2\/categories?post=2572"},{"taxonomy":"post_tag","embeddable":true,"href":"https:\/\/www.cyberagentur.de\/en\/wp-json\/wp\/v2\/tags?post=2572"}],"curies":[{"name":"wp","href":"https:\/\/api.w.org\/{rel}","templated":true}]}}